{"id":884,"date":"2026-04-21T10:14:15","date_gmt":"2026-04-21T08:14:15","guid":{"rendered":"https:\/\/lbtherm.com\/de\/?p=884"},"modified":"2026-04-21T10:14:16","modified_gmt":"2026-04-21T08:14:16","slug":"fensterbau-frontale-2026","status":"publish","type":"post","link":"https:\/\/lbtherm.com\/de\/fensterbau-frontale-2026\/","title":{"rendered":"Fensterbau Frontale 2026"},"content":{"rendered":"\n<p>Vom 24. bis 27. M\u00e4rz 2026 werden wir auf der Fensterbau Frontale in N\u00fcrnberg vertreten sein \u2013 einer der wichtigsten Veranstaltungen der Fenster- und T\u00fcrenbranche weltweit.<\/p>\n\n\n\n<p>Unsere Teilnahme an der Messe verstehen wir nicht nur als Pr\u00e4sentation unseres Angebots, sondern vor allem als Raum f\u00fcr Gespr\u00e4che mit Partnern, den Austausch von Erfahrungen und ein besseres Verst\u00e4ndnis der aktuellen Marktanforderungen. Der direkte Kontakt mit Kunden und Herstellern erm\u00f6glicht es uns, L\u00f6sungen weiterzuentwickeln, die im Arbeitsalltag unserer Partner tats\u00e4chlich Anwendung finden.<\/p>\n\n\n\n<p>Materialien, die auf die Herausforderungen der Branche reagieren<\/p>\n\n\n\n<p>An unserem Stand pr\u00e4sentieren wir ein breites Spektrum an L\u00f6sungen, die in der Produktion von T\u00fcren, Paneelen und Konstruktionselementen eingesetzt werden. Dabei konzentrieren wir uns auf das, was f\u00fcr unsere Kunden am wichtigsten ist: Materialstabilit\u00e4t, gleichbleibende Qualit\u00e4t und eine hochwertige Oberfl\u00e4chen\u00e4sthetik.<\/p>\n\n\n\n<p>Wir zeigen sowohl Standard-Sandwichplatten als auch spezialisierte L\u00f6sungen, darunter u. a.:<\/p>\n\n\n\n<p>Platten mit HPL-Deckschichten,<br>L\u00f6sungen mit erh\u00f6hter struktureller Steifigkeit (z. B. Platten mit Kompensationsschicht),<br>neue Kernvarianten, darunter auch umweltfreundlichere L\u00f6sungen,<br>eine breite Auswahl an Dekoren und Oberfl\u00e4chen, abgestimmt auf aktuelle Markttrends.<\/p>\n\n\n\n<p>Unser Ziel ist es, Materialien nicht nur als Produkt zu pr\u00e4sentieren, sondern als Bestandteil eines gesamten Produktionsprozesses \u2013 mit Einfluss auf Effizienz, Endqualit\u00e4t und Gestaltungsm\u00f6glichkeiten.<\/p>\n\n\n\n<p>Technologie und Praxis<\/p>\n\n\n\n<p>Die Fensterbau Frontale ist ein Ort, an dem Technologie auf Praxis trifft. Deshalb konzentrieren wir uns an unserem Stand auf konkrete L\u00f6sungen \u2013 solche, die man sehen, anfassen und im Kontext ihrer Anwendung in der Produktion bewerten kann.<\/p>\n\n\n\n<p>Wir haben Materialmuster, Plattenquerschnitte sowie Unterlagen vorbereitet, die die Arbeit von technischen Abteilungen und Einkauf unterst\u00fctzen. Unser Team wird vor Ort sein, um technische Details, Anpassungsm\u00f6glichkeiten sowie individuelle Projektanforderungen zu besprechen.<\/p>\n\n\n\n<p>Wir sehen uns in N\u00fcrnberg<\/p>\n\n\n\n<p>Die Teilnahme an der Messe ist f\u00fcr uns auch ein wichtiger Schritt in der Weiterentwicklung unserer internationalen Aktivit\u00e4ten, insbesondere in der DACH-Region. Die Fensterbau Frontale bietet ein nat\u00fcrliches Umfeld f\u00fcr Gespr\u00e4che \u00fcber langfristige Zusammenarbeit und die gemeinsame Entwicklung von Projekten.<\/p>\n","protected":false},"excerpt":{"rendered":"<p>Vom 24. bis 27. M\u00e4rz 2026 werden wir auf der Fensterbau Frontale in N\u00fcrnberg vertreten sein \u2013 einer der wichtigsten Veranstaltungen der Fenster- und T\u00fcrenbranche weltweit. Unsere Teilnahme an der Messe verstehen wir nicht nur als Pr\u00e4sentation unseres Angebots, sondern vor allem als Raum f\u00fcr Gespr\u00e4che mit Partnern, den Austausch von Erfahrungen und ein besseres [&hellip;]<\/p>\n","protected":false},"author":3,"featured_media":887,"comment_status":"open","ping_status":"open","sticky":false,"template":"","format":"standard","meta":{"_acf_changed":false,"_seopress_robots_primary_cat":"none","_seopress_titles_title":"","_seopress_titles_desc":"","_seopress_robots_index":"","inline_featured_image":false,"footnotes":""},"categories":[1],"tags":[],"class_list":["post-884","post","type-post","status-publish","format-standard","has-post-thumbnail","hentry","category-bez-kategorii"],"acf":[],"_links":{"self":[{"href":"https:\/\/lbtherm.com\/de\/wp-json\/wp\/v2\/posts\/884","targetHints":{"allow":["GET"]}}],"collection":[{"href":"https:\/\/lbtherm.com\/de\/wp-json\/wp\/v2\/posts"}],"about":[{"href":"https:\/\/lbtherm.com\/de\/wp-json\/wp\/v2\/types\/post"}],"author":[{"embeddable":true,"href":"https:\/\/lbtherm.com\/de\/wp-json\/wp\/v2\/users\/3"}],"replies":[{"embeddable":true,"href":"https:\/\/lbtherm.com\/de\/wp-json\/wp\/v2\/comments?post=884"}],"version-history":[{"count":1,"href":"https:\/\/lbtherm.com\/de\/wp-json\/wp\/v2\/posts\/884\/revisions"}],"predecessor-version":[{"id":888,"href":"https:\/\/lbtherm.com\/de\/wp-json\/wp\/v2\/posts\/884\/revisions\/888"}],"wp:featuredmedia":[{"embeddable":true,"href":"https:\/\/lbtherm.com\/de\/wp-json\/wp\/v2\/media\/887"}],"wp:attachment":[{"href":"https:\/\/lbtherm.com\/de\/wp-json\/wp\/v2\/media?parent=884"}],"wp:term":[{"taxonomy":"category","embeddable":true,"href":"https:\/\/lbtherm.com\/de\/wp-json\/wp\/v2\/categories?post=884"},{"taxonomy":"post_tag","embeddable":true,"href":"https:\/\/lbtherm.com\/de\/wp-json\/wp\/v2\/tags?post=884"}],"curies":[{"name":"wp","href":"https:\/\/api.w.org\/{rel}","templated":true}]}}